{"id":719,"date":"2022-07-12T17:11:00","date_gmt":"2022-07-12T15:11:00","guid":{"rendered":"https:\/\/www.biketower.cz\/?p=719"},"modified":"2022-09-16T13:22:46","modified_gmt":"2022-09-16T11:22:46","slug":"smart-mobility-exhibition-romania","status":"publish","type":"post","link":"https:\/\/www.biketower.cz\/en\/2022\/07\/12\/smart-mobility-exhibition-romania\/","title":{"rendered":"Smart Mobility Exhibition, Romania"},"content":{"rendered":"\n<p>On 25.6.2022, the Romanian representative KADRA presented the <strong>BIKE<\/strong>TOWER automatic parking system at the Smart Mobility exhibition in Cluj <a href=\"https:\/\/smartmobilitycluj.ro\/\">https:\/\/smartmobilitycluj.ro\/<\/a><\/p>\n","protected":false},"excerpt":{"rendered":"<p>On 25.6.2022, the Romanian representative KADRA presented the BIKETOWER automatic parking system [&hellip;]<\/p>\n","protected":false},"author":1,"featured_media":792,"comment_status":"open","ping_status":"open","sticky":false,"template":"","format":"standard","meta":{"_acf_changed":false,"inline_featured_image":false,"footnotes":""},"categories":[3],"tags":[],"class_list":["post-719","post","type-post","status-publish","format-standard","has-post-thumbnail","hentry","category-aktuality"],"acf":[],"yoast_head":"<!-- This site is optimized with the Yoast SEO plugin v27.4 - https:\/\/yoast.com\/product\/yoast-seo-wordpress\/ -->\n<title>Smart Mobility Exhibition, Romania - BIKETOWER - EN<\/title>\n<meta name=\"robots\" content=\"index, follow, max-snippet:-1, max-image-preview:large, max-video-preview:-1\" \/>\n<link rel=\"canonical\" href=\"https:\/\/www.biketower.cz\/en\/2022\/07\/12\/smart-mobility-exhibition-romania\/\" \/>\n<meta property=\"og:locale\" content=\"cs_CZ\" \/>\n<meta property=\"og:type\" content=\"article\" \/>\n<meta property=\"og:title\" content=\"Smart Mobility Exhibition, Romania - BIKETOWER - EN\" \/>\n<meta property=\"og:description\" content=\"On 25.6.2022, the Romanian representative KADRA presented the BIKETOWER automatic parking system [&hellip;]\" \/>\n<meta property=\"og:url\" content=\"https:\/\/www.biketower.cz\/en\/2022\/07\/12\/smart-mobility-exhibition-romania\/\" \/>\n<meta property=\"og:site_name\" content=\"BIKETOWER - EN\" \/>\n<meta property=\"article:published_time\" content=\"2022-07-12T15:11:00+00:00\" \/>\n<meta property=\"article:modified_time\" content=\"2022-09-16T11:22:46+00:00\" \/>\n<meta property=\"og:image\" content=\"https:\/\/www.biketower.cz\/en\/wp-content\/uploads\/sites\/4\/2022\/09\/03_detail.jpg\" \/>\n\t<meta property=\"og:image:width\" content=\"871\" \/>\n\t<meta property=\"og:image:height\" content=\"581\" \/>\n\t<meta property=\"og:image:type\" content=\"image\/jpeg\" \/>\n<meta name=\"author\" content=\"administrator\" \/>\n<meta name=\"twitter:card\" content=\"summary_large_image\" \/>\n<meta name=\"twitter:label1\" content=\"Napsal(a)\" \/>\n\t<meta name=\"twitter:data1\" content=\"administrator\" \/>\n\t<meta name=\"twitter:label2\" content=\"Odhadovan\u00e1 doba \u010dten\u00ed\" \/>\n\t<meta name=\"twitter:data2\" content=\"1 minuta\" \/>\n<script type=\"application\/ld+json\" class=\"yoast-schema-graph\">{\"@context\":\"https:\\\/\\\/schema.org\",\"@graph\":[{\"@type\":\"Article\",\"@id\":\"https:\\\/\\\/www.biketower.cz\\\/en\\\/2022\\\/07\\\/12\\\/smart-mobility-exhibition-romania\\\/#article\",\"isPartOf\":{\"@id\":\"https:\\\/\\\/www.biketower.cz\\\/en\\\/2022\\\/07\\\/12\\\/smart-mobility-exhibition-romania\\\/\"},\"author\":{\"name\":\"administrator\",\"@id\":\"https:\\\/\\\/www.biketower.cz\\\/en\\\/#\\\/schema\\\/person\\\/51f3142228d0dd8019660065b94b333b\"},\"headline\":\"Smart Mobility Exhibition, Romania\",\"datePublished\":\"2022-07-12T15:11:00+00:00\",\"dateModified\":\"2022-09-16T11:22:46+00:00\",\"mainEntityOfPage\":{\"@id\":\"https:\\\/\\\/www.biketower.cz\\\/en\\\/2022\\\/07\\\/12\\\/smart-mobility-exhibition-romania\\\/\"},\"wordCount\":25,\"commentCount\":0,\"image\":{\"@id\":\"https:\\\/\\\/www.biketower.cz\\\/en\\\/2022\\\/07\\\/12\\\/smart-mobility-exhibition-romania\\\/#primaryimage\"},\"thumbnailUrl\":\"https:\\\/\\\/www.biketower.cz\\\/en\\\/wp-content\\\/uploads\\\/sites\\\/4\\\/2022\\\/09\\\/03_detail.jpg\",\"articleSection\":[\"Aktuality\"],\"inLanguage\":\"cs\",\"potentialAction\":[{\"@type\":\"CommentAction\",\"name\":\"Comment\",\"target\":[\"https:\\\/\\\/www.biketower.cz\\\/en\\\/2022\\\/07\\\/12\\\/smart-mobility-exhibition-romania\\\/#respond\"]}]},{\"@type\":\"WebPage\",\"@id\":\"https:\\\/\\\/www.biketower.cz\\\/en\\\/2022\\\/07\\\/12\\\/smart-mobility-exhibition-romania\\\/\",\"url\":\"https:\\\/\\\/www.biketower.cz\\\/en\\\/2022\\\/07\\\/12\\\/smart-mobility-exhibition-romania\\\/\",\"name\":\"Smart Mobility Exhibition, Romania - BIKETOWER - EN\",\"isPartOf\":{\"@id\":\"https:\\\/\\\/www.biketower.cz\\\/en\\\/#website\"},\"primaryImageOfPage\":{\"@id\":\"https:\\\/\\\/www.biketower.cz\\\/en\\\/2022\\\/07\\\/12\\\/smart-mobility-exhibition-romania\\\/#primaryimage\"},\"image\":{\"@id\":\"https:\\\/\\\/www.biketower.cz\\\/en\\\/2022\\\/07\\\/12\\\/smart-mobility-exhibition-romania\\\/#primaryimage\"},\"thumbnailUrl\":\"https:\\\/\\\/www.biketower.cz\\\/en\\\/wp-content\\\/uploads\\\/sites\\\/4\\\/2022\\\/09\\\/03_detail.jpg\",\"datePublished\":\"2022-07-12T15:11:00+00:00\",\"dateModified\":\"2022-09-16T11:22:46+00:00\",\"author\":{\"@id\":\"https:\\\/\\\/www.biketower.cz\\\/en\\\/#\\\/schema\\\/person\\\/51f3142228d0dd8019660065b94b333b\"},\"breadcrumb\":{\"@id\":\"https:\\\/\\\/www.biketower.cz\\\/en\\\/2022\\\/07\\\/12\\\/smart-mobility-exhibition-romania\\\/#breadcrumb\"},\"inLanguage\":\"cs\",\"potentialAction\":[{\"@type\":\"ReadAction\",\"target\":[\"https:\\\/\\\/www.biketower.cz\\\/en\\\/2022\\\/07\\\/12\\\/smart-mobility-exhibition-romania\\\/\"]}]},{\"@type\":\"ImageObject\",\"inLanguage\":\"cs\",\"@id\":\"https:\\\/\\\/www.biketower.cz\\\/en\\\/2022\\\/07\\\/12\\\/smart-mobility-exhibition-romania\\\/#primaryimage\",\"url\":\"https:\\\/\\\/www.biketower.cz\\\/en\\\/wp-content\\\/uploads\\\/sites\\\/4\\\/2022\\\/09\\\/03_detail.jpg\",\"contentUrl\":\"https:\\\/\\\/www.biketower.cz\\\/en\\\/wp-content\\\/uploads\\\/sites\\\/4\\\/2022\\\/09\\\/03_detail.jpg\",\"width\":871,\"height\":581},{\"@type\":\"BreadcrumbList\",\"@id\":\"https:\\\/\\\/www.biketower.cz\\\/en\\\/2022\\\/07\\\/12\\\/smart-mobility-exhibition-romania\\\/#breadcrumb\",\"itemListElement\":[{\"@type\":\"ListItem\",\"position\":1,\"name\":\"Dom\u016f\",\"item\":\"https:\\\/\\\/www.biketower.cz\\\/en\\\/\"},{\"@type\":\"ListItem\",\"position\":2,\"name\":\"Smart Mobility Exhibition, Romania\"}]},{\"@type\":\"WebSite\",\"@id\":\"https:\\\/\\\/www.biketower.cz\\\/en\\\/#website\",\"url\":\"https:\\\/\\\/www.biketower.cz\\\/en\\\/\",\"name\":\"BIKETOWER - EN\",\"description\":\"Dal\u0161\u00ed nov\u00fd web v r\u00e1mci s\u00edt\u011b BIKETOWER net\",\"potentialAction\":[{\"@type\":\"SearchAction\",\"target\":{\"@type\":\"EntryPoint\",\"urlTemplate\":\"https:\\\/\\\/www.biketower.cz\\\/en\\\/?s={search_term_string}\"},\"query-input\":{\"@type\":\"PropertyValueSpecification\",\"valueRequired\":true,\"valueName\":\"search_term_string\"}}],\"inLanguage\":\"cs\"},{\"@type\":\"Person\",\"@id\":\"https:\\\/\\\/www.biketower.cz\\\/en\\\/#\\\/schema\\\/person\\\/51f3142228d0dd8019660065b94b333b\",\"name\":\"administrator\",\"image\":{\"@type\":\"ImageObject\",\"inLanguage\":\"cs\",\"@id\":\"https:\\\/\\\/secure.gravatar.com\\\/avatar\\\/a7337bec79698da1252966fb7099ce67670c930a7bb12d4e73a7c79acba48bcc?s=96&d=mm&r=g\",\"url\":\"https:\\\/\\\/secure.gravatar.com\\\/avatar\\\/a7337bec79698da1252966fb7099ce67670c930a7bb12d4e73a7c79acba48bcc?s=96&d=mm&r=g\",\"contentUrl\":\"https:\\\/\\\/secure.gravatar.com\\\/avatar\\\/a7337bec79698da1252966fb7099ce67670c930a7bb12d4e73a7c79acba48bcc?s=96&d=mm&r=g\",\"caption\":\"administrator\"},\"sameAs\":[\"https:\\\/\\\/test.biketower.cz\"],\"url\":\"https:\\\/\\\/www.biketower.cz\\\/en\\\/author\\\/administrator\\\/\"}]}<\/script>\n<!-- \/ Yoast SEO plugin. -->","yoast_head_json":{"title":"Smart Mobility Exhibition, Romania - BIKETOWER - EN","robots":{"index":"index","follow":"follow","max-snippet":"max-snippet:-1","max-image-preview":"max-image-preview:large","max-video-preview":"max-video-preview:-1"},"canonical":"https:\/\/www.biketower.cz\/en\/2022\/07\/12\/smart-mobility-exhibition-romania\/","og_locale":"cs_CZ","og_type":"article","og_title":"Smart Mobility Exhibition, Romania - BIKETOWER - EN","og_description":"On 25.6.2022, the Romanian representative KADRA presented the BIKETOWER automatic parking system [&hellip;]","og_url":"https:\/\/www.biketower.cz\/en\/2022\/07\/12\/smart-mobility-exhibition-romania\/","og_site_name":"BIKETOWER - EN","article_published_time":"2022-07-12T15:11:00+00:00","article_modified_time":"2022-09-16T11:22:46+00:00","og_image":[{"width":871,"height":581,"url":"https:\/\/www.biketower.cz\/en\/wp-content\/uploads\/sites\/4\/2022\/09\/03_detail.jpg","type":"image\/jpeg"}],"author":"administrator","twitter_card":"summary_large_image","twitter_misc":{"Napsal(a)":"administrator","Odhadovan\u00e1 doba \u010dten\u00ed":"1 minuta"},"schema":{"@context":"https:\/\/schema.org","@graph":[{"@type":"Article","@id":"https:\/\/www.biketower.cz\/en\/2022\/07\/12\/smart-mobility-exhibition-romania\/#article","isPartOf":{"@id":"https:\/\/www.biketower.cz\/en\/2022\/07\/12\/smart-mobility-exhibition-romania\/"},"author":{"name":"administrator","@id":"https:\/\/www.biketower.cz\/en\/#\/schema\/person\/51f3142228d0dd8019660065b94b333b"},"headline":"Smart Mobility Exhibition, Romania","datePublished":"2022-07-12T15:11:00+00:00","dateModified":"2022-09-16T11:22:46+00:00","mainEntityOfPage":{"@id":"https:\/\/www.biketower.cz\/en\/2022\/07\/12\/smart-mobility-exhibition-romania\/"},"wordCount":25,"commentCount":0,"image":{"@id":"https:\/\/www.biketower.cz\/en\/2022\/07\/12\/smart-mobility-exhibition-romania\/#primaryimage"},"thumbnailUrl":"https:\/\/www.biketower.cz\/en\/wp-content\/uploads\/sites\/4\/2022\/09\/03_detail.jpg","articleSection":["Aktuality"],"inLanguage":"cs","potentialAction":[{"@type":"CommentAction","name":"Comment","target":["https:\/\/www.biketower.cz\/en\/2022\/07\/12\/smart-mobility-exhibition-romania\/#respond"]}]},{"@type":"WebPage","@id":"https:\/\/www.biketower.cz\/en\/2022\/07\/12\/smart-mobility-exhibition-romania\/","url":"https:\/\/www.biketower.cz\/en\/2022\/07\/12\/smart-mobility-exhibition-romania\/","name":"Smart Mobility Exhibition, Romania - BIKETOWER - EN","isPartOf":{"@id":"https:\/\/www.biketower.cz\/en\/#website"},"primaryImageOfPage":{"@id":"https:\/\/www.biketower.cz\/en\/2022\/07\/12\/smart-mobility-exhibition-romania\/#primaryimage"},"image":{"@id":"https:\/\/www.biketower.cz\/en\/2022\/07\/12\/smart-mobility-exhibition-romania\/#primaryimage"},"thumbnailUrl":"https:\/\/www.biketower.cz\/en\/wp-content\/uploads\/sites\/4\/2022\/09\/03_detail.jpg","datePublished":"2022-07-12T15:11:00+00:00","dateModified":"2022-09-16T11:22:46+00:00","author":{"@id":"https:\/\/www.biketower.cz\/en\/#\/schema\/person\/51f3142228d0dd8019660065b94b333b"},"breadcrumb":{"@id":"https:\/\/www.biketower.cz\/en\/2022\/07\/12\/smart-mobility-exhibition-romania\/#breadcrumb"},"inLanguage":"cs","potentialAction":[{"@type":"ReadAction","target":["https:\/\/www.biketower.cz\/en\/2022\/07\/12\/smart-mobility-exhibition-romania\/"]}]},{"@type":"ImageObject","inLanguage":"cs","@id":"https:\/\/www.biketower.cz\/en\/2022\/07\/12\/smart-mobility-exhibition-romania\/#primaryimage","url":"https:\/\/www.biketower.cz\/en\/wp-content\/uploads\/sites\/4\/2022\/09\/03_detail.jpg","contentUrl":"https:\/\/www.biketower.cz\/en\/wp-content\/uploads\/sites\/4\/2022\/09\/03_detail.jpg","width":871,"height":581},{"@type":"BreadcrumbList","@id":"https:\/\/www.biketower.cz\/en\/2022\/07\/12\/smart-mobility-exhibition-romania\/#breadcrumb","itemListElement":[{"@type":"ListItem","position":1,"name":"Dom\u016f","item":"https:\/\/www.biketower.cz\/en\/"},{"@type":"ListItem","position":2,"name":"Smart Mobility Exhibition, Romania"}]},{"@type":"WebSite","@id":"https:\/\/www.biketower.cz\/en\/#website","url":"https:\/\/www.biketower.cz\/en\/","name":"BIKETOWER - EN","description":"Dal\u0161\u00ed nov\u00fd web v r\u00e1mci s\u00edt\u011b BIKETOWER net","potentialAction":[{"@type":"SearchAction","target":{"@type":"EntryPoint","urlTemplate":"https:\/\/www.biketower.cz\/en\/?s={search_term_string}"},"query-input":{"@type":"PropertyValueSpecification","valueRequired":true,"valueName":"search_term_string"}}],"inLanguage":"cs"},{"@type":"Person","@id":"https:\/\/www.biketower.cz\/en\/#\/schema\/person\/51f3142228d0dd8019660065b94b333b","name":"administrator","image":{"@type":"ImageObject","inLanguage":"cs","@id":"https:\/\/secure.gravatar.com\/avatar\/a7337bec79698da1252966fb7099ce67670c930a7bb12d4e73a7c79acba48bcc?s=96&d=mm&r=g","url":"https:\/\/secure.gravatar.com\/avatar\/a7337bec79698da1252966fb7099ce67670c930a7bb12d4e73a7c79acba48bcc?s=96&d=mm&r=g","contentUrl":"https:\/\/secure.gravatar.com\/avatar\/a7337bec79698da1252966fb7099ce67670c930a7bb12d4e73a7c79acba48bcc?s=96&d=mm&r=g","caption":"administrator"},"sameAs":["https:\/\/test.biketower.cz"],"url":"https:\/\/www.biketower.cz\/en\/author\/administrator\/"}]}},"_links":{"self":[{"href":"https:\/\/www.biketower.cz\/en\/wp-json\/wp\/v2\/posts\/719","targetHints":{"allow":["GET"]}}],"collection":[{"href":"https:\/\/www.biketower.cz\/en\/wp-json\/wp\/v2\/posts"}],"about":[{"href":"https:\/\/www.biketower.cz\/en\/wp-json\/wp\/v2\/types\/post"}],"author":[{"embeddable":true,"href":"https:\/\/www.biketower.cz\/en\/wp-json\/wp\/v2\/users\/1"}],"replies":[{"embeddable":true,"href":"https:\/\/www.biketower.cz\/en\/wp-json\/wp\/v2\/comments?post=719"}],"version-history":[{"count":5,"href":"https:\/\/www.biketower.cz\/en\/wp-json\/wp\/v2\/posts\/719\/revisions"}],"predecessor-version":[{"id":814,"href":"https:\/\/www.biketower.cz\/en\/wp-json\/wp\/v2\/posts\/719\/revisions\/814"}],"wp:featuredmedia":[{"embeddable":true,"href":"https:\/\/www.biketower.cz\/en\/wp-json\/wp\/v2\/media\/792"}],"wp:attachment":[{"href":"https:\/\/www.biketower.cz\/en\/wp-json\/wp\/v2\/media?parent=719"}],"wp:term":[{"taxonomy":"category","embeddable":true,"href":"https:\/\/www.biketower.cz\/en\/wp-json\/wp\/v2\/categories?post=719"},{"taxonomy":"post_tag","embeddable":true,"href":"https:\/\/www.biketower.cz\/en\/wp-json\/wp\/v2\/tags?post=719"}],"curies":[{"name":"wp","href":"https:\/\/api.w.org\/{rel}","templated":true}]}}